{"id":397,"date":"2025-09-02T07:16:50","date_gmt":"2025-09-02T07:16:50","guid":{"rendered":"https:\/\/genkonekt.hr\/?p=397"},"modified":"2026-03-18T14:01:21","modified_gmt":"2026-03-18T14:01:21","slug":"genkonekt-potpisuje-prvi-javno-financirani-projekt","status":"publish","type":"post","link":"https:\/\/genkonekt.hr\/?p=397","title":{"rendered":"Genkonekt potpisuje prvi javno financirani projekt"},"content":{"rendered":"\n<h3 class=\"wp-block-heading\">Genkonekt potpisuje prvi javno financirani projekt<\/h3>\n\n\n\n<p>S ponosom objavljujemo da udruga Genkonekt ovaj tjedan potpisuje svoj prvi javno financirani projekt, zahvaljuju\u0107i podr\u0161ci Grada Zagreba u okviru Natje\u010daja za financiranje programa i projekata udruga u podru\u010dju zdravstva.<\/p>\n\n\n\n<p>Naziv projekta: <strong>Genetika u prevenciji raka debelog crijeva<\/strong><\/p>\n\n\n\n<p>Rak debelog crijeva jedan je od vode\u0107ih uzroka smrtnosti u Hrvatskoj, no mnogi jo\u0161 uvijek nisu svjesni va\u017enosti genetskih \u010dimbenika rizika. Ovim projektom \u017eelimo to promijeniti.<\/p>\n\n\n\n<p>Projekt je usmjeren na:<\/p>\n\n\n\n<ul class=\"wp-block-list\">\n<li>edukaciju lije\u010dnika op\u0107e prakse o genetskim predispozicijama i upu\u0107ivanju pacijenata na testiranje,<\/li>\n\n\n\n<li>razvoj edukativnih materijala za lije\u010dnike i gra\u0111ane,<\/li>\n\n\n\n<li>digitalnu kampanju s klju\u010dnim informacijama o nasljednim sindromima i prevenciji.<\/li>\n<\/ul>\n\n\n\n<p>Projekt provodimo u suradnji s <strong><a href=\"https:\/\/iget.hr\/\">Institutom za gastroenterolo\u0161ke tumore (IGET)<\/a><\/strong>, uz podr\u0161ku stru\u010dnjaka iz podru\u010dja genetike i onkologije.<\/p>\n\n\n\n<p>Kroz ovaj projekt \u017eelimo otvoriti prostor za pravovremenu prevenciju, bolje ishode lije\u010denja i ve\u0107u genetsku pismenost u na\u0161oj zajednici.<\/p>\n\n\n\n<p>Radionice \u0107e se odr\u017eavati u Zagrebu, a vi\u0161e informacija o kampanji i edukacijama uskoro!<\/p>\n\n\n\n<p>Zahvaljujemo Gradu Zagrebu na ukazanom povjerenju i veselimo se po\u010detku provedbe!<\/p>\n\n\n\n<p>Pratite nas za novosti na: <a href=\"http:\/\/www.genkonekt.hr\">www.genkonekt.hr<\/a><\/p>\n","protected":false},"excerpt":{"rendered":"<p>Genkonekt potpisuje prvi javno financirani projekt S ponosom objavljujemo da udruga Genkonekt ovaj tjedan potpisuje svoj prvi javno financirani projekt, zahvaljuju\u0107i podr\u0161ci Grada Zagreba u okviru Natje\u010daja za financiranje programa i projekata udruga u podru\u010dju zdravstva. Naziv projekta: Genetika u prevenciji raka debelog crijeva Rak debelog crijeva jedan je od vode\u0107ih uzroka smrtnosti u Hrvatskoj, [&hellip;]<\/p>\n","protected":false},"author":1,"featured_media":0,"comment_status":"closed","ping_status":"open","sticky":false,"template":"","format":"standard","meta":{"saved_in_kubio":false,"footnotes":""},"categories":[1],"tags":[],"class_list":["post-397","post","type-post","status-publish","format-standard","hentry","category-uncategorized"],"yoast_head":"<!-- This site is optimized with the Yoast SEO plugin v23.7 - https:\/\/yoast.com\/wordpress\/plugins\/seo\/ -->\n<title>Genkonekt potpisuje prvi javno financirani projekt -<\/title>\n<meta name=\"robots\" content=\"index, follow, max-snippet:-1, max-image-preview:large, max-video-preview:-1\" \/>\n<link rel=\"canonical\" href=\"https:\/\/genkonekt.hr\/?p=397\" \/>\n<meta property=\"og:locale\" content=\"en_US\" \/>\n<meta property=\"og:type\" content=\"article\" \/>\n<meta property=\"og:title\" content=\"Genkonekt potpisuje prvi javno financirani projekt -\" \/>\n<meta property=\"og:description\" content=\"Genkonekt potpisuje prvi javno financirani projekt S ponosom objavljujemo da udruga Genkonekt ovaj tjedan potpisuje svoj prvi javno financirani projekt, zahvaljuju\u0107i podr\u0161ci Grada Zagreba u okviru Natje\u010daja za financiranje programa i projekata udruga u podru\u010dju zdravstva. Naziv projekta: Genetika u prevenciji raka debelog crijeva Rak debelog crijeva jedan je od vode\u0107ih uzroka smrtnosti u Hrvatskoj, [&hellip;]\" \/>\n<meta property=\"og:url\" content=\"https:\/\/genkonekt.hr\/?p=397\" \/>\n<meta property=\"article:published_time\" content=\"2025-09-02T07:16:50+00:00\" \/>\n<meta property=\"article:modified_time\" content=\"2026-03-18T14:01:21+00:00\" \/>\n<meta name=\"author\" content=\"admin\" \/>\n<meta name=\"twitter:card\" content=\"summary_large_image\" \/>\n<meta name=\"twitter:label1\" content=\"Written by\" \/>\n\t<meta name=\"twitter:data1\" content=\"admin\" \/>\n\t<meta name=\"twitter:label2\" content=\"Est. reading time\" \/>\n\t<meta name=\"twitter:data2\" content=\"1 minute\" \/>\n<script type=\"application\/ld+json\" class=\"yoast-schema-graph\">{\"@context\":\"https:\/\/schema.org\",\"@graph\":[{\"@type\":\"WebPage\",\"@id\":\"https:\/\/genkonekt.hr\/?p=397\",\"url\":\"https:\/\/genkonekt.hr\/?p=397\",\"name\":\"Genkonekt potpisuje prvi javno financirani projekt -\",\"isPartOf\":{\"@id\":\"https:\/\/genkonekt.hr\/#website\"},\"datePublished\":\"2025-09-02T07:16:50+00:00\",\"dateModified\":\"2026-03-18T14:01:21+00:00\",\"author\":{\"@id\":\"https:\/\/genkonekt.hr\/#\/schema\/person\/baee83eea51cfdd55c5c77b0e11ecf0c\"},\"breadcrumb\":{\"@id\":\"https:\/\/genkonekt.hr\/?p=397#breadcrumb\"},\"inLanguage\":\"en-US\",\"potentialAction\":[{\"@type\":\"ReadAction\",\"target\":[\"https:\/\/genkonekt.hr\/?p=397\"]}]},{\"@type\":\"BreadcrumbList\",\"@id\":\"https:\/\/genkonekt.hr\/?p=397#breadcrumb\",\"itemListElement\":[{\"@type\":\"ListItem\",\"position\":1,\"name\":\"Home\",\"item\":\"https:\/\/genkonekt.hr\/\"},{\"@type\":\"ListItem\",\"position\":2,\"name\":\"Genkonekt potpisuje prvi javno financirani projekt\"}]},{\"@type\":\"WebSite\",\"@id\":\"https:\/\/genkonekt.hr\/#website\",\"url\":\"https:\/\/genkonekt.hr\/\",\"name\":\"\",\"description\":\"\",\"potentialAction\":[{\"@type\":\"SearchAction\",\"target\":{\"@type\":\"EntryPoint\",\"urlTemplate\":\"https:\/\/genkonekt.hr\/?s={search_term_string}\"},\"query-input\":{\"@type\":\"PropertyValueSpecification\",\"valueRequired\":true,\"valueName\":\"search_term_string\"}}],\"inLanguage\":\"en-US\"},{\"@type\":\"Person\",\"@id\":\"https:\/\/genkonekt.hr\/#\/schema\/person\/baee83eea51cfdd55c5c77b0e11ecf0c\",\"name\":\"admin\",\"image\":{\"@type\":\"ImageObject\",\"inLanguage\":\"en-US\",\"@id\":\"https:\/\/genkonekt.hr\/#\/schema\/person\/image\/\",\"url\":\"https:\/\/secure.gravatar.com\/avatar\/ddd66a7253ca3a4cf9ddccbdeaea0775?s=96&d=mm&r=g\",\"contentUrl\":\"https:\/\/secure.gravatar.com\/avatar\/ddd66a7253ca3a4cf9ddccbdeaea0775?s=96&d=mm&r=g\",\"caption\":\"admin\"},\"sameAs\":[\"https:\/\/genkonekt.hr\"],\"url\":\"https:\/\/genkonekt.hr\/?author=1\"}]}<\/script>\n<!-- \/ Yoast SEO plugin. -->","yoast_head_json":{"title":"Genkonekt potpisuje prvi javno financirani projekt -","robots":{"index":"index","follow":"follow","max-snippet":"max-snippet:-1","max-image-preview":"max-image-preview:large","max-video-preview":"max-video-preview:-1"},"canonical":"https:\/\/genkonekt.hr\/?p=397","og_locale":"en_US","og_type":"article","og_title":"Genkonekt potpisuje prvi javno financirani projekt -","og_description":"Genkonekt potpisuje prvi javno financirani projekt S ponosom objavljujemo da udruga Genkonekt ovaj tjedan potpisuje svoj prvi javno financirani projekt, zahvaljuju\u0107i podr\u0161ci Grada Zagreba u okviru Natje\u010daja za financiranje programa i projekata udruga u podru\u010dju zdravstva. Naziv projekta: Genetika u prevenciji raka debelog crijeva Rak debelog crijeva jedan je od vode\u0107ih uzroka smrtnosti u Hrvatskoj, [&hellip;]","og_url":"https:\/\/genkonekt.hr\/?p=397","article_published_time":"2025-09-02T07:16:50+00:00","article_modified_time":"2026-03-18T14:01:21+00:00","author":"admin","twitter_card":"summary_large_image","twitter_misc":{"Written by":"admin","Est. reading time":"1 minute"},"schema":{"@context":"https:\/\/schema.org","@graph":[{"@type":"WebPage","@id":"https:\/\/genkonekt.hr\/?p=397","url":"https:\/\/genkonekt.hr\/?p=397","name":"Genkonekt potpisuje prvi javno financirani projekt -","isPartOf":{"@id":"https:\/\/genkonekt.hr\/#website"},"datePublished":"2025-09-02T07:16:50+00:00","dateModified":"2026-03-18T14:01:21+00:00","author":{"@id":"https:\/\/genkonekt.hr\/#\/schema\/person\/baee83eea51cfdd55c5c77b0e11ecf0c"},"breadcrumb":{"@id":"https:\/\/genkonekt.hr\/?p=397#breadcrumb"},"inLanguage":"en-US","potentialAction":[{"@type":"ReadAction","target":["https:\/\/genkonekt.hr\/?p=397"]}]},{"@type":"BreadcrumbList","@id":"https:\/\/genkonekt.hr\/?p=397#breadcrumb","itemListElement":[{"@type":"ListItem","position":1,"name":"Home","item":"https:\/\/genkonekt.hr\/"},{"@type":"ListItem","position":2,"name":"Genkonekt potpisuje prvi javno financirani projekt"}]},{"@type":"WebSite","@id":"https:\/\/genkonekt.hr\/#website","url":"https:\/\/genkonekt.hr\/","name":"","description":"","potentialAction":[{"@type":"SearchAction","target":{"@type":"EntryPoint","urlTemplate":"https:\/\/genkonekt.hr\/?s={search_term_string}"},"query-input":{"@type":"PropertyValueSpecification","valueRequired":true,"valueName":"search_term_string"}}],"inLanguage":"en-US"},{"@type":"Person","@id":"https:\/\/genkonekt.hr\/#\/schema\/person\/baee83eea51cfdd55c5c77b0e11ecf0c","name":"admin","image":{"@type":"ImageObject","inLanguage":"en-US","@id":"https:\/\/genkonekt.hr\/#\/schema\/person\/image\/","url":"https:\/\/secure.gravatar.com\/avatar\/ddd66a7253ca3a4cf9ddccbdeaea0775?s=96&d=mm&r=g","contentUrl":"https:\/\/secure.gravatar.com\/avatar\/ddd66a7253ca3a4cf9ddccbdeaea0775?s=96&d=mm&r=g","caption":"admin"},"sameAs":["https:\/\/genkonekt.hr"],"url":"https:\/\/genkonekt.hr\/?author=1"}]}},"_links":{"self":[{"href":"https:\/\/genkonekt.hr\/index.php?rest_route=\/wp\/v2\/posts\/397"}],"collection":[{"href":"https:\/\/genkonekt.hr\/index.php?rest_route=\/wp\/v2\/posts"}],"about":[{"href":"https:\/\/genkonekt.hr\/index.php?rest_route=\/wp\/v2\/types\/post"}],"author":[{"embeddable":true,"href":"https:\/\/genkonekt.hr\/index.php?rest_route=\/wp\/v2\/users\/1"}],"replies":[{"embeddable":true,"href":"https:\/\/genkonekt.hr\/index.php?rest_route=%2Fwp%2Fv2%2Fcomments&post=397"}],"version-history":[{"count":4,"href":"https:\/\/genkonekt.hr\/index.php?rest_route=\/wp\/v2\/posts\/397\/revisions"}],"predecessor-version":[{"id":743,"href":"https:\/\/genkonekt.hr\/index.php?rest_route=\/wp\/v2\/posts\/397\/revisions\/743"}],"wp:attachment":[{"href":"https:\/\/genkonekt.hr\/index.php?rest_route=%2Fwp%2Fv2%2Fmedia&parent=397"}],"wp:term":[{"taxonomy":"category","embeddable":true,"href":"https:\/\/genkonekt.hr\/index.php?rest_route=%2Fwp%2Fv2%2Fcategories&post=397"},{"taxonomy":"post_tag","embeddable":true,"href":"https:\/\/genkonekt.hr\/index.php?rest_route=%2Fwp%2Fv2%2Ftags&post=397"}],"curies":[{"name":"wp","href":"https:\/\/api.w.org\/{rel}","templated":true}]}}