{"id":481,"date":"2025-11-04T09:26:24","date_gmt":"2025-11-04T09:26:24","guid":{"rendered":"https:\/\/genkonekt.hr\/?p=481"},"modified":"2026-03-18T13:57:21","modified_gmt":"2026-03-18T13:57:21","slug":"odrzan-strucni-skup-nasljedni-tumori-debelog-crijeva","status":"publish","type":"post","link":"https:\/\/genkonekt.hr\/?p=481","title":{"rendered":"Odr\u017ean stru\u010dni skup &#8220;Nasljedni tumori debelog crijeva&#8221;"},"content":{"rendered":"\n<h3 class=\"wp-block-heading\">Odr\u017ean stru\u010dni skup &#8220;Nasljedni tumori debelog crijeva&#8221;<\/h3>\n\n\n\n<p>U srijedu 29.10.2025. odr\u017ean je stru\u010dni skup \u201e<strong>Nasljedni tumori debelog crijeva<\/strong>\u201c u organizaciji udruga <strong>Genkonekt <\/strong>&#8211; centar za istra\u017eivanje, edukaciju i promicanje bioznanosti i&nbsp;<strong>IGET <\/strong>\u2013 Instituta za gastroenterolo\u0161ke tumore.<\/p>\n\n\n\n<p>Lije\u010dnice, relevantne stru\u010dnjakinje u podru\u010dju odr\u017eale su \u010detiri predavanja u kojima su predstavljeni naj\u010de\u0161\u0107i sindromi povezani s nastankon nasljednih gastroenterolo\u0161kih tumora, kriteriji za prepoznavanje pacijenta koji bi imali koristi od geneti\u010dkog testiranja, gdje se ona mogu obaviti, mogu\u0107nosti geneti\u010dke analize tumorskog tkiva na kojoj se temelji personalizirana terapija te va\u017enosti i sadr\u017eaju geneti\u010dkog savjetovanja prije i poslije testiranja.<br><\/p>\n\n\n\n<div class=\"wp-block-media-text is-stacked-on-mobile\"><figure class=\"wp-block-media-text__media\"><img loading=\"lazy\" decoding=\"async\" width=\"1024\" height=\"768\" src=\"https:\/\/genkonekt.hr\/wp-content\/uploads\/2025\/11\/dr.-Madunic-2-1024x768.jpg\" alt=\"\" class=\"wp-image-493 size-full\" srcset=\"https:\/\/genkonekt.hr\/wp-content\/uploads\/2025\/11\/dr.-Madunic-2-1024x768.jpg 1024w, https:\/\/genkonekt.hr\/wp-content\/uploads\/2025\/11\/dr.-Madunic-2-300x225.jpg 300w, https:\/\/genkonekt.hr\/wp-content\/uploads\/2025\/11\/dr.-Madunic-2-768x576.jpg 768w, https:\/\/genkonekt.hr\/wp-content\/uploads\/2025\/11\/dr.-Madunic-2-1536x1152.jpg 1536w, https:\/\/genkonekt.hr\/wp-content\/uploads\/2025\/11\/dr.-Madunic-2-2048x1536.jpg 2048w, https:\/\/genkonekt.hr\/wp-content\/uploads\/2025\/11\/dr.-Madunic-2-1440x1080.jpg 1440w\" sizes=\"(max-width: 1024px) 100vw, 1024px\" \/><\/figure><div class=\"wp-block-media-text__content\">\n<p>Zrinka Maduni\u0107, dr. med.<\/p>\n\n\n\n<p><strong>Nasljedni gastroenterolo\u0161ki tumori<\/strong><\/p>\n<\/div><\/div>\n\n\n\n<div class=\"wp-block-media-text has-media-on-the-right is-stacked-on-mobile\"><div class=\"wp-block-media-text__content\">\n<p>dr. sc. Iva Kirac, dr. med.<\/p>\n\n\n\n<p><strong>Geneti\u010dko testiranje za nasljedne tumore debelog crijeva<\/strong><\/p>\n<\/div><figure class=\"wp-block-media-text__media\"><img loading=\"lazy\" decoding=\"async\" width=\"1024\" height=\"768\" src=\"https:\/\/genkonekt.hr\/wp-content\/uploads\/2025\/11\/dr.-Kirac-4-1024x768.jpg\" alt=\"\" class=\"wp-image-494 size-full\" srcset=\"https:\/\/genkonekt.hr\/wp-content\/uploads\/2025\/11\/dr.-Kirac-4-1024x768.jpg 1024w, https:\/\/genkonekt.hr\/wp-content\/uploads\/2025\/11\/dr.-Kirac-4-300x225.jpg 300w, https:\/\/genkonekt.hr\/wp-content\/uploads\/2025\/11\/dr.-Kirac-4-768x576.jpg 768w, https:\/\/genkonekt.hr\/wp-content\/uploads\/2025\/11\/dr.-Kirac-4-1536x1152.jpg 1536w, https:\/\/genkonekt.hr\/wp-content\/uploads\/2025\/11\/dr.-Kirac-4-2048x1536.jpg 2048w, https:\/\/genkonekt.hr\/wp-content\/uploads\/2025\/11\/dr.-Kirac-4-1440x1080.jpg 1440w\" sizes=\"(max-width: 1024px) 100vw, 1024px\" \/><\/figure><\/div>\n\n\n\n<div class=\"wp-block-media-text is-stacked-on-mobile\"><figure class=\"wp-block-media-text__media\"><img loading=\"lazy\" decoding=\"async\" width=\"1024\" height=\"768\" src=\"https:\/\/genkonekt.hr\/wp-content\/uploads\/2025\/11\/dr.-Bonevski-2-1024x768.jpg\" alt=\"\" class=\"wp-image-495 size-full\" srcset=\"https:\/\/genkonekt.hr\/wp-content\/uploads\/2025\/11\/dr.-Bonevski-2-1024x768.jpg 1024w, https:\/\/genkonekt.hr\/wp-content\/uploads\/2025\/11\/dr.-Bonevski-2-300x225.jpg 300w, https:\/\/genkonekt.hr\/wp-content\/uploads\/2025\/11\/dr.-Bonevski-2-768x576.jpg 768w, https:\/\/genkonekt.hr\/wp-content\/uploads\/2025\/11\/dr.-Bonevski-2-1536x1152.jpg 1536w, https:\/\/genkonekt.hr\/wp-content\/uploads\/2025\/11\/dr.-Bonevski-2-2048x1536.jpg 2048w, https:\/\/genkonekt.hr\/wp-content\/uploads\/2025\/11\/dr.-Bonevski-2-1440x1080.jpg 1440w\" sizes=\"(max-width: 1024px) 100vw, 1024px\" \/><\/figure><div class=\"wp-block-media-text__content\">\n<p>mr. sc. Aleksandra Bonevski, prim. dr. med.<\/p>\n\n\n\n<p><strong>Geneti\u010dko profiliranje tumora<\/strong><\/p>\n<\/div><\/div>\n\n\n\n<div class=\"wp-block-media-text has-media-on-the-right is-stacked-on-mobile\"><div class=\"wp-block-media-text__content\">\n<p>dr. sc. Tamara \u017digman, dr. med. <\/p>\n\n\n\n<p><strong>Geneti\u010dko savjetovanje u kontekstu nasljednih tumora debelog crijeva<\/strong><\/p>\n<\/div><figure class=\"wp-block-media-text__media\"><img loading=\"lazy\" decoding=\"async\" width=\"1024\" height=\"768\" src=\"https:\/\/genkonekt.hr\/wp-content\/uploads\/2025\/11\/dr.-Zigman-2-1024x768.jpg\" alt=\"\" class=\"wp-image-496 size-full\" srcset=\"https:\/\/genkonekt.hr\/wp-content\/uploads\/2025\/11\/dr.-Zigman-2-1024x768.jpg 1024w, https:\/\/genkonekt.hr\/wp-content\/uploads\/2025\/11\/dr.-Zigman-2-300x225.jpg 300w, https:\/\/genkonekt.hr\/wp-content\/uploads\/2025\/11\/dr.-Zigman-2-768x576.jpg 768w, https:\/\/genkonekt.hr\/wp-content\/uploads\/2025\/11\/dr.-Zigman-2-1536x1152.jpg 1536w, https:\/\/genkonekt.hr\/wp-content\/uploads\/2025\/11\/dr.-Zigman-2-2048x1536.jpg 2048w, https:\/\/genkonekt.hr\/wp-content\/uploads\/2025\/11\/dr.-Zigman-2-1440x1080.jpg 1440w\" sizes=\"(max-width: 1024px) 100vw, 1024px\" \/><\/figure><\/div>\n\n\n\n<p>Predavanja su polaznici pratili u\u017eivo te online, a nakon njih uslijedila su pitanja, konstruktivne rasprave te razmjena iskustava iz prakse.<\/p>\n","protected":false},"excerpt":{"rendered":"<p>Odr\u017ean stru\u010dni skup &#8220;Nasljedni tumori debelog crijeva&#8221; U srijedu 29.10.2025. odr\u017ean je stru\u010dni skup \u201eNasljedni tumori debelog crijeva\u201c u organizaciji udruga Genkonekt &#8211; centar za istra\u017eivanje, edukaciju i promicanje bioznanosti i&nbsp;IGET \u2013 Instituta za gastroenterolo\u0161ke tumore. Lije\u010dnice, relevantne stru\u010dnjakinje u podru\u010dju odr\u017eale su \u010detiri predavanja u kojima su predstavljeni naj\u010de\u0161\u0107i sindromi povezani s nastankon nasljednih [&hellip;]<\/p>\n","protected":false},"author":1,"featured_media":0,"comment_status":"closed","ping_status":"open","sticky":false,"template":"","format":"standard","meta":{"saved_in_kubio":false,"footnotes":""},"categories":[1],"tags":[],"class_list":["post-481","post","type-post","status-publish","format-standard","hentry","category-uncategorized"],"yoast_head":"<!-- This site is optimized with the Yoast SEO plugin v23.7 - https:\/\/yoast.com\/wordpress\/plugins\/seo\/ -->\n<title>Odr\u017ean stru\u010dni skup &quot;Nasljedni tumori debelog crijeva&quot; -<\/title>\n<meta name=\"robots\" content=\"index, follow, max-snippet:-1, max-image-preview:large, max-video-preview:-1\" \/>\n<link rel=\"canonical\" href=\"https:\/\/genkonekt.hr\/?p=481\" \/>\n<meta property=\"og:locale\" content=\"en_US\" \/>\n<meta property=\"og:type\" content=\"article\" \/>\n<meta property=\"og:title\" content=\"Odr\u017ean stru\u010dni skup &quot;Nasljedni tumori debelog crijeva&quot; -\" \/>\n<meta property=\"og:description\" content=\"Odr\u017ean stru\u010dni skup &#8220;Nasljedni tumori debelog crijeva&#8221; U srijedu 29.10.2025. odr\u017ean je stru\u010dni skup \u201eNasljedni tumori debelog crijeva\u201c u organizaciji udruga Genkonekt &#8211; centar za istra\u017eivanje, edukaciju i promicanje bioznanosti i&nbsp;IGET \u2013 Instituta za gastroenterolo\u0161ke tumore. Lije\u010dnice, relevantne stru\u010dnjakinje u podru\u010dju odr\u017eale su \u010detiri predavanja u kojima su predstavljeni naj\u010de\u0161\u0107i sindromi povezani s nastankon nasljednih [&hellip;]\" \/>\n<meta property=\"og:url\" content=\"https:\/\/genkonekt.hr\/?p=481\" \/>\n<meta property=\"article:published_time\" content=\"2025-11-04T09:26:24+00:00\" \/>\n<meta property=\"article:modified_time\" content=\"2026-03-18T13:57:21+00:00\" \/>\n<meta property=\"og:image\" content=\"https:\/\/genkonekt.hr\/wp-content\/uploads\/2025\/11\/dr.-Madunic-2-scaled.jpg\" \/>\n\t<meta property=\"og:image:width\" content=\"2560\" \/>\n\t<meta property=\"og:image:height\" content=\"1920\" \/>\n\t<meta property=\"og:image:type\" content=\"image\/jpeg\" \/>\n<meta name=\"author\" content=\"admin\" \/>\n<meta name=\"twitter:card\" content=\"summary_large_image\" \/>\n<meta name=\"twitter:label1\" content=\"Written by\" \/>\n\t<meta name=\"twitter:data1\" content=\"admin\" \/>\n\t<meta name=\"twitter:label2\" content=\"Est. reading time\" \/>\n\t<meta name=\"twitter:data2\" content=\"2 minutes\" \/>\n<script type=\"application\/ld+json\" class=\"yoast-schema-graph\">{\"@context\":\"https:\/\/schema.org\",\"@graph\":[{\"@type\":\"WebPage\",\"@id\":\"https:\/\/genkonekt.hr\/?p=481\",\"url\":\"https:\/\/genkonekt.hr\/?p=481\",\"name\":\"Odr\u017ean stru\u010dni skup \\\"Nasljedni tumori debelog crijeva\\\" -\",\"isPartOf\":{\"@id\":\"https:\/\/genkonekt.hr\/#website\"},\"primaryImageOfPage\":{\"@id\":\"https:\/\/genkonekt.hr\/?p=481#primaryimage\"},\"image\":{\"@id\":\"https:\/\/genkonekt.hr\/?p=481#primaryimage\"},\"thumbnailUrl\":\"https:\/\/genkonekt.hr\/wp-content\/uploads\/2025\/11\/dr.-Madunic-2-1024x768.jpg\",\"datePublished\":\"2025-11-04T09:26:24+00:00\",\"dateModified\":\"2026-03-18T13:57:21+00:00\",\"author\":{\"@id\":\"https:\/\/genkonekt.hr\/#\/schema\/person\/baee83eea51cfdd55c5c77b0e11ecf0c\"},\"breadcrumb\":{\"@id\":\"https:\/\/genkonekt.hr\/?p=481#breadcrumb\"},\"inLanguage\":\"en-US\",\"potentialAction\":[{\"@type\":\"ReadAction\",\"target\":[\"https:\/\/genkonekt.hr\/?p=481\"]}]},{\"@type\":\"ImageObject\",\"inLanguage\":\"en-US\",\"@id\":\"https:\/\/genkonekt.hr\/?p=481#primaryimage\",\"url\":\"https:\/\/genkonekt.hr\/wp-content\/uploads\/2025\/11\/dr.-Madunic-2-scaled.jpg\",\"contentUrl\":\"https:\/\/genkonekt.hr\/wp-content\/uploads\/2025\/11\/dr.-Madunic-2-scaled.jpg\",\"width\":2560,\"height\":1920},{\"@type\":\"BreadcrumbList\",\"@id\":\"https:\/\/genkonekt.hr\/?p=481#breadcrumb\",\"itemListElement\":[{\"@type\":\"ListItem\",\"position\":1,\"name\":\"Home\",\"item\":\"https:\/\/genkonekt.hr\/\"},{\"@type\":\"ListItem\",\"position\":2,\"name\":\"Odr\u017ean stru\u010dni skup &#8220;Nasljedni tumori debelog crijeva&#8221;\"}]},{\"@type\":\"WebSite\",\"@id\":\"https:\/\/genkonekt.hr\/#website\",\"url\":\"https:\/\/genkonekt.hr\/\",\"name\":\"\",\"description\":\"\",\"potentialAction\":[{\"@type\":\"SearchAction\",\"target\":{\"@type\":\"EntryPoint\",\"urlTemplate\":\"https:\/\/genkonekt.hr\/?s={search_term_string}\"},\"query-input\":{\"@type\":\"PropertyValueSpecification\",\"valueRequired\":true,\"valueName\":\"search_term_string\"}}],\"inLanguage\":\"en-US\"},{\"@type\":\"Person\",\"@id\":\"https:\/\/genkonekt.hr\/#\/schema\/person\/baee83eea51cfdd55c5c77b0e11ecf0c\",\"name\":\"admin\",\"image\":{\"@type\":\"ImageObject\",\"inLanguage\":\"en-US\",\"@id\":\"https:\/\/genkonekt.hr\/#\/schema\/person\/image\/\",\"url\":\"https:\/\/secure.gravatar.com\/avatar\/ddd66a7253ca3a4cf9ddccbdeaea0775?s=96&d=mm&r=g\",\"contentUrl\":\"https:\/\/secure.gravatar.com\/avatar\/ddd66a7253ca3a4cf9ddccbdeaea0775?s=96&d=mm&r=g\",\"caption\":\"admin\"},\"sameAs\":[\"https:\/\/genkonekt.hr\"],\"url\":\"https:\/\/genkonekt.hr\/?author=1\"}]}<\/script>\n<!-- \/ Yoast SEO plugin. -->","yoast_head_json":{"title":"Odr\u017ean stru\u010dni skup \"Nasljedni tumori debelog crijeva\" -","robots":{"index":"index","follow":"follow","max-snippet":"max-snippet:-1","max-image-preview":"max-image-preview:large","max-video-preview":"max-video-preview:-1"},"canonical":"https:\/\/genkonekt.hr\/?p=481","og_locale":"en_US","og_type":"article","og_title":"Odr\u017ean stru\u010dni skup \"Nasljedni tumori debelog crijeva\" -","og_description":"Odr\u017ean stru\u010dni skup &#8220;Nasljedni tumori debelog crijeva&#8221; U srijedu 29.10.2025. odr\u017ean je stru\u010dni skup \u201eNasljedni tumori debelog crijeva\u201c u organizaciji udruga Genkonekt &#8211; centar za istra\u017eivanje, edukaciju i promicanje bioznanosti i&nbsp;IGET \u2013 Instituta za gastroenterolo\u0161ke tumore. Lije\u010dnice, relevantne stru\u010dnjakinje u podru\u010dju odr\u017eale su \u010detiri predavanja u kojima su predstavljeni naj\u010de\u0161\u0107i sindromi povezani s nastankon nasljednih [&hellip;]","og_url":"https:\/\/genkonekt.hr\/?p=481","article_published_time":"2025-11-04T09:26:24+00:00","article_modified_time":"2026-03-18T13:57:21+00:00","og_image":[{"width":2560,"height":1920,"url":"https:\/\/genkonekt.hr\/wp-content\/uploads\/2025\/11\/dr.-Madunic-2-scaled.jpg","type":"image\/jpeg"}],"author":"admin","twitter_card":"summary_large_image","twitter_misc":{"Written by":"admin","Est. reading time":"2 minutes"},"schema":{"@context":"https:\/\/schema.org","@graph":[{"@type":"WebPage","@id":"https:\/\/genkonekt.hr\/?p=481","url":"https:\/\/genkonekt.hr\/?p=481","name":"Odr\u017ean stru\u010dni skup \"Nasljedni tumori debelog crijeva\" -","isPartOf":{"@id":"https:\/\/genkonekt.hr\/#website"},"primaryImageOfPage":{"@id":"https:\/\/genkonekt.hr\/?p=481#primaryimage"},"image":{"@id":"https:\/\/genkonekt.hr\/?p=481#primaryimage"},"thumbnailUrl":"https:\/\/genkonekt.hr\/wp-content\/uploads\/2025\/11\/dr.-Madunic-2-1024x768.jpg","datePublished":"2025-11-04T09:26:24+00:00","dateModified":"2026-03-18T13:57:21+00:00","author":{"@id":"https:\/\/genkonekt.hr\/#\/schema\/person\/baee83eea51cfdd55c5c77b0e11ecf0c"},"breadcrumb":{"@id":"https:\/\/genkonekt.hr\/?p=481#breadcrumb"},"inLanguage":"en-US","potentialAction":[{"@type":"ReadAction","target":["https:\/\/genkonekt.hr\/?p=481"]}]},{"@type":"ImageObject","inLanguage":"en-US","@id":"https:\/\/genkonekt.hr\/?p=481#primaryimage","url":"https:\/\/genkonekt.hr\/wp-content\/uploads\/2025\/11\/dr.-Madunic-2-scaled.jpg","contentUrl":"https:\/\/genkonekt.hr\/wp-content\/uploads\/2025\/11\/dr.-Madunic-2-scaled.jpg","width":2560,"height":1920},{"@type":"BreadcrumbList","@id":"https:\/\/genkonekt.hr\/?p=481#breadcrumb","itemListElement":[{"@type":"ListItem","position":1,"name":"Home","item":"https:\/\/genkonekt.hr\/"},{"@type":"ListItem","position":2,"name":"Odr\u017ean stru\u010dni skup &#8220;Nasljedni tumori debelog crijeva&#8221;"}]},{"@type":"WebSite","@id":"https:\/\/genkonekt.hr\/#website","url":"https:\/\/genkonekt.hr\/","name":"","description":"","potentialAction":[{"@type":"SearchAction","target":{"@type":"EntryPoint","urlTemplate":"https:\/\/genkonekt.hr\/?s={search_term_string}"},"query-input":{"@type":"PropertyValueSpecification","valueRequired":true,"valueName":"search_term_string"}}],"inLanguage":"en-US"},{"@type":"Person","@id":"https:\/\/genkonekt.hr\/#\/schema\/person\/baee83eea51cfdd55c5c77b0e11ecf0c","name":"admin","image":{"@type":"ImageObject","inLanguage":"en-US","@id":"https:\/\/genkonekt.hr\/#\/schema\/person\/image\/","url":"https:\/\/secure.gravatar.com\/avatar\/ddd66a7253ca3a4cf9ddccbdeaea0775?s=96&d=mm&r=g","contentUrl":"https:\/\/secure.gravatar.com\/avatar\/ddd66a7253ca3a4cf9ddccbdeaea0775?s=96&d=mm&r=g","caption":"admin"},"sameAs":["https:\/\/genkonekt.hr"],"url":"https:\/\/genkonekt.hr\/?author=1"}]}},"_links":{"self":[{"href":"https:\/\/genkonekt.hr\/index.php?rest_route=\/wp\/v2\/posts\/481"}],"collection":[{"href":"https:\/\/genkonekt.hr\/index.php?rest_route=\/wp\/v2\/posts"}],"about":[{"href":"https:\/\/genkonekt.hr\/index.php?rest_route=\/wp\/v2\/types\/post"}],"author":[{"embeddable":true,"href":"https:\/\/genkonekt.hr\/index.php?rest_route=\/wp\/v2\/users\/1"}],"replies":[{"embeddable":true,"href":"https:\/\/genkonekt.hr\/index.php?rest_route=%2Fwp%2Fv2%2Fcomments&post=481"}],"version-history":[{"count":4,"href":"https:\/\/genkonekt.hr\/index.php?rest_route=\/wp\/v2\/posts\/481\/revisions"}],"predecessor-version":[{"id":740,"href":"https:\/\/genkonekt.hr\/index.php?rest_route=\/wp\/v2\/posts\/481\/revisions\/740"}],"wp:attachment":[{"href":"https:\/\/genkonekt.hr\/index.php?rest_route=%2Fwp%2Fv2%2Fmedia&parent=481"}],"wp:term":[{"taxonomy":"category","embeddable":true,"href":"https:\/\/genkonekt.hr\/index.php?rest_route=%2Fwp%2Fv2%2Fcategories&post=481"},{"taxonomy":"post_tag","embeddable":true,"href":"https:\/\/genkonekt.hr\/index.php?rest_route=%2Fwp%2Fv2%2Ftags&post=481"}],"curies":[{"name":"wp","href":"https:\/\/api.w.org\/{rel}","templated":true}]}}