{"id":651,"date":"2026-02-25T09:08:13","date_gmt":"2026-02-25T09:08:13","guid":{"rendered":"https:\/\/genkonekt.hr\/?p=651"},"modified":"2026-03-18T13:55:24","modified_gmt":"2026-03-18T13:55:24","slug":"poziv-na-predavanje-genetika-tla-kako-mikrobiom-oblikuje-ekosustav","status":"publish","type":"post","link":"https:\/\/genkonekt.hr\/?p=651","title":{"rendered":"Poziv na predavanje: \u201eGenetika tla: kako mikrobiom oblikuje ekosustav\u201d"},"content":{"rendered":"\n<h3 class=\"wp-block-heading\">Poziv na predavanje: \u201eGenetika tla: kako mikrobiom oblikuje ekosustav\u201d<\/h3>\n\n\n\n<p>Jeste li znali da se vi\u0161e od polovice \u017eivota na Zemlji zapravo nalazi u tlu?<\/p>\n\n\n\n<p>Predavanje \u201eGenetika tla: kako mikrobiom oblikuje ekosustav\u201d&nbsp;otkrit \u0107e vam tko su nevidljivi stanovnici tla i kako me\u0111usobno komuniciraju, sura\u0111uju pa \u010dak i pregovaraju s biljkama.<\/p>\n\n\n\n<p>Saznat \u0107ete kako poljoprivredne prakse utje\u010du na mikrobiom, kako nam napredak geneti\u010dkih metoda omogu\u0107uje da pratimo taj skriveni dijalog te kakva je budu\u0107nost upravljanja tlom. Mo\u017eemo li mikrobiom upoznati dovoljno dobro da nam pomogne u prilagodbi klimatskim promjenama i proizvodnji zdravije hrane?<\/p>\n\n\n\n<p>Predavanje \u0107e odr\u017eati volonterka udruge &#8211; Ana Fioli\u0107, magistra eksperimentalne biologije s vi\u0161egodi\u0161njim iskustvom u podru\u010dju genetike, ljubiteljica vrtlarenja i mikrobioma te permakultura\u0161ica.<\/p>\n\n\n\n<p>3. 3. 2026. u 17:30 sati<br>Knji\u017enica Vladimira Nazora (Vodovodna 13)<\/p>\n\n\n\n<p>Pridru\u017eite nam se!<\/p>\n\n\n<div class=\"wp-block-image\">\n<figure class=\"aligncenter size-large\"><img loading=\"lazy\" decoding=\"async\" width=\"724\" height=\"1024\" src=\"https:\/\/genkonekt.hr\/wp-content\/uploads\/2026\/02\/Poziv-na-predavanje-724x1024.png\" alt=\"\" class=\"wp-image-652\" srcset=\"https:\/\/genkonekt.hr\/wp-content\/uploads\/2026\/02\/Poziv-na-predavanje-724x1024.png 724w, https:\/\/genkonekt.hr\/wp-content\/uploads\/2026\/02\/Poziv-na-predavanje-212x300.png 212w, https:\/\/genkonekt.hr\/wp-content\/uploads\/2026\/02\/Poziv-na-predavanje-768x1086.png 768w, https:\/\/genkonekt.hr\/wp-content\/uploads\/2026\/02\/Poziv-na-predavanje-1086x1536.png 1086w, https:\/\/genkonekt.hr\/wp-content\/uploads\/2026\/02\/Poziv-na-predavanje-764x1080.png 764w, https:\/\/genkonekt.hr\/wp-content\/uploads\/2026\/02\/Poziv-na-predavanje.png 1414w\" sizes=\"(max-width: 724px) 100vw, 724px\" \/><\/figure><\/div>\n\n\n<p><\/p>\n","protected":false},"excerpt":{"rendered":"<p>Poziv na predavanje: \u201eGenetika tla: kako mikrobiom oblikuje ekosustav\u201d Jeste li znali da se vi\u0161e od polovice \u017eivota na Zemlji zapravo nalazi u tlu? Predavanje \u201eGenetika tla: kako mikrobiom oblikuje ekosustav\u201d&nbsp;otkrit \u0107e vam tko su nevidljivi stanovnici tla i kako me\u0111usobno komuniciraju, sura\u0111uju pa \u010dak i pregovaraju s biljkama. Saznat \u0107ete kako poljoprivredne prakse utje\u010du [&hellip;]<\/p>\n","protected":false},"author":1,"featured_media":0,"comment_status":"closed","ping_status":"open","sticky":false,"template":"","format":"standard","meta":{"saved_in_kubio":false,"footnotes":""},"categories":[1],"tags":[],"class_list":["post-651","post","type-post","status-publish","format-standard","hentry","category-uncategorized"],"yoast_head":"<!-- This site is optimized with the Yoast SEO plugin v23.7 - https:\/\/yoast.com\/wordpress\/plugins\/seo\/ -->\n<title>Poziv na predavanje: \u201eGenetika tla: kako mikrobiom oblikuje ekosustav\u201d -<\/title>\n<meta name=\"robots\" content=\"index, follow, max-snippet:-1, max-image-preview:large, max-video-preview:-1\" \/>\n<link rel=\"canonical\" href=\"https:\/\/genkonekt.hr\/?p=651\" \/>\n<meta property=\"og:locale\" content=\"en_US\" \/>\n<meta property=\"og:type\" content=\"article\" \/>\n<meta property=\"og:title\" content=\"Poziv na predavanje: \u201eGenetika tla: kako mikrobiom oblikuje ekosustav\u201d -\" \/>\n<meta property=\"og:description\" content=\"Poziv na predavanje: \u201eGenetika tla: kako mikrobiom oblikuje ekosustav\u201d Jeste li znali da se vi\u0161e od polovice \u017eivota na Zemlji zapravo nalazi u tlu? Predavanje \u201eGenetika tla: kako mikrobiom oblikuje ekosustav\u201d&nbsp;otkrit \u0107e vam tko su nevidljivi stanovnici tla i kako me\u0111usobno komuniciraju, sura\u0111uju pa \u010dak i pregovaraju s biljkama. Saznat \u0107ete kako poljoprivredne prakse utje\u010du [&hellip;]\" \/>\n<meta property=\"og:url\" content=\"https:\/\/genkonekt.hr\/?p=651\" \/>\n<meta property=\"article:published_time\" content=\"2026-02-25T09:08:13+00:00\" \/>\n<meta property=\"article:modified_time\" content=\"2026-03-18T13:55:24+00:00\" \/>\n<meta property=\"og:image\" content=\"https:\/\/genkonekt.hr\/wp-content\/uploads\/2026\/02\/Poziv-na-predavanje.png\" \/>\n\t<meta property=\"og:image:width\" content=\"1414\" \/>\n\t<meta property=\"og:image:height\" content=\"2000\" \/>\n\t<meta property=\"og:image:type\" content=\"image\/png\" \/>\n<meta name=\"author\" content=\"admin\" \/>\n<meta name=\"twitter:card\" content=\"summary_large_image\" \/>\n<meta name=\"twitter:label1\" content=\"Written by\" \/>\n\t<meta name=\"twitter:data1\" content=\"admin\" \/>\n\t<meta name=\"twitter:label2\" content=\"Est. reading time\" \/>\n\t<meta name=\"twitter:data2\" content=\"1 minute\" \/>\n<script type=\"application\/ld+json\" class=\"yoast-schema-graph\">{\"@context\":\"https:\/\/schema.org\",\"@graph\":[{\"@type\":\"WebPage\",\"@id\":\"https:\/\/genkonekt.hr\/?p=651\",\"url\":\"https:\/\/genkonekt.hr\/?p=651\",\"name\":\"Poziv na predavanje: \u201eGenetika tla: kako mikrobiom oblikuje ekosustav\u201d -\",\"isPartOf\":{\"@id\":\"https:\/\/genkonekt.hr\/#website\"},\"primaryImageOfPage\":{\"@id\":\"https:\/\/genkonekt.hr\/?p=651#primaryimage\"},\"image\":{\"@id\":\"https:\/\/genkonekt.hr\/?p=651#primaryimage\"},\"thumbnailUrl\":\"https:\/\/genkonekt.hr\/wp-content\/uploads\/2026\/02\/Poziv-na-predavanje-724x1024.png\",\"datePublished\":\"2026-02-25T09:08:13+00:00\",\"dateModified\":\"2026-03-18T13:55:24+00:00\",\"author\":{\"@id\":\"https:\/\/genkonekt.hr\/#\/schema\/person\/baee83eea51cfdd55c5c77b0e11ecf0c\"},\"breadcrumb\":{\"@id\":\"https:\/\/genkonekt.hr\/?p=651#breadcrumb\"},\"inLanguage\":\"en-US\",\"potentialAction\":[{\"@type\":\"ReadAction\",\"target\":[\"https:\/\/genkonekt.hr\/?p=651\"]}]},{\"@type\":\"ImageObject\",\"inLanguage\":\"en-US\",\"@id\":\"https:\/\/genkonekt.hr\/?p=651#primaryimage\",\"url\":\"https:\/\/genkonekt.hr\/wp-content\/uploads\/2026\/02\/Poziv-na-predavanje.png\",\"contentUrl\":\"https:\/\/genkonekt.hr\/wp-content\/uploads\/2026\/02\/Poziv-na-predavanje.png\",\"width\":1414,\"height\":2000},{\"@type\":\"BreadcrumbList\",\"@id\":\"https:\/\/genkonekt.hr\/?p=651#breadcrumb\",\"itemListElement\":[{\"@type\":\"ListItem\",\"position\":1,\"name\":\"Home\",\"item\":\"https:\/\/genkonekt.hr\/\"},{\"@type\":\"ListItem\",\"position\":2,\"name\":\"Poziv na predavanje: \u201eGenetika tla: kako mikrobiom oblikuje ekosustav\u201d\"}]},{\"@type\":\"WebSite\",\"@id\":\"https:\/\/genkonekt.hr\/#website\",\"url\":\"https:\/\/genkonekt.hr\/\",\"name\":\"\",\"description\":\"\",\"potentialAction\":[{\"@type\":\"SearchAction\",\"target\":{\"@type\":\"EntryPoint\",\"urlTemplate\":\"https:\/\/genkonekt.hr\/?s={search_term_string}\"},\"query-input\":{\"@type\":\"PropertyValueSpecification\",\"valueRequired\":true,\"valueName\":\"search_term_string\"}}],\"inLanguage\":\"en-US\"},{\"@type\":\"Person\",\"@id\":\"https:\/\/genkonekt.hr\/#\/schema\/person\/baee83eea51cfdd55c5c77b0e11ecf0c\",\"name\":\"admin\",\"image\":{\"@type\":\"ImageObject\",\"inLanguage\":\"en-US\",\"@id\":\"https:\/\/genkonekt.hr\/#\/schema\/person\/image\/\",\"url\":\"https:\/\/secure.gravatar.com\/avatar\/ddd66a7253ca3a4cf9ddccbdeaea0775?s=96&d=mm&r=g\",\"contentUrl\":\"https:\/\/secure.gravatar.com\/avatar\/ddd66a7253ca3a4cf9ddccbdeaea0775?s=96&d=mm&r=g\",\"caption\":\"admin\"},\"sameAs\":[\"https:\/\/genkonekt.hr\"],\"url\":\"https:\/\/genkonekt.hr\/?author=1\"}]}<\/script>\n<!-- \/ Yoast SEO plugin. -->","yoast_head_json":{"title":"Poziv na predavanje: \u201eGenetika tla: kako mikrobiom oblikuje ekosustav\u201d -","robots":{"index":"index","follow":"follow","max-snippet":"max-snippet:-1","max-image-preview":"max-image-preview:large","max-video-preview":"max-video-preview:-1"},"canonical":"https:\/\/genkonekt.hr\/?p=651","og_locale":"en_US","og_type":"article","og_title":"Poziv na predavanje: \u201eGenetika tla: kako mikrobiom oblikuje ekosustav\u201d -","og_description":"Poziv na predavanje: \u201eGenetika tla: kako mikrobiom oblikuje ekosustav\u201d Jeste li znali da se vi\u0161e od polovice \u017eivota na Zemlji zapravo nalazi u tlu? Predavanje \u201eGenetika tla: kako mikrobiom oblikuje ekosustav\u201d&nbsp;otkrit \u0107e vam tko su nevidljivi stanovnici tla i kako me\u0111usobno komuniciraju, sura\u0111uju pa \u010dak i pregovaraju s biljkama. Saznat \u0107ete kako poljoprivredne prakse utje\u010du [&hellip;]","og_url":"https:\/\/genkonekt.hr\/?p=651","article_published_time":"2026-02-25T09:08:13+00:00","article_modified_time":"2026-03-18T13:55:24+00:00","og_image":[{"width":1414,"height":2000,"url":"https:\/\/genkonekt.hr\/wp-content\/uploads\/2026\/02\/Poziv-na-predavanje.png","type":"image\/png"}],"author":"admin","twitter_card":"summary_large_image","twitter_misc":{"Written by":"admin","Est. reading time":"1 minute"},"schema":{"@context":"https:\/\/schema.org","@graph":[{"@type":"WebPage","@id":"https:\/\/genkonekt.hr\/?p=651","url":"https:\/\/genkonekt.hr\/?p=651","name":"Poziv na predavanje: \u201eGenetika tla: kako mikrobiom oblikuje ekosustav\u201d -","isPartOf":{"@id":"https:\/\/genkonekt.hr\/#website"},"primaryImageOfPage":{"@id":"https:\/\/genkonekt.hr\/?p=651#primaryimage"},"image":{"@id":"https:\/\/genkonekt.hr\/?p=651#primaryimage"},"thumbnailUrl":"https:\/\/genkonekt.hr\/wp-content\/uploads\/2026\/02\/Poziv-na-predavanje-724x1024.png","datePublished":"2026-02-25T09:08:13+00:00","dateModified":"2026-03-18T13:55:24+00:00","author":{"@id":"https:\/\/genkonekt.hr\/#\/schema\/person\/baee83eea51cfdd55c5c77b0e11ecf0c"},"breadcrumb":{"@id":"https:\/\/genkonekt.hr\/?p=651#breadcrumb"},"inLanguage":"en-US","potentialAction":[{"@type":"ReadAction","target":["https:\/\/genkonekt.hr\/?p=651"]}]},{"@type":"ImageObject","inLanguage":"en-US","@id":"https:\/\/genkonekt.hr\/?p=651#primaryimage","url":"https:\/\/genkonekt.hr\/wp-content\/uploads\/2026\/02\/Poziv-na-predavanje.png","contentUrl":"https:\/\/genkonekt.hr\/wp-content\/uploads\/2026\/02\/Poziv-na-predavanje.png","width":1414,"height":2000},{"@type":"BreadcrumbList","@id":"https:\/\/genkonekt.hr\/?p=651#breadcrumb","itemListElement":[{"@type":"ListItem","position":1,"name":"Home","item":"https:\/\/genkonekt.hr\/"},{"@type":"ListItem","position":2,"name":"Poziv na predavanje: \u201eGenetika tla: kako mikrobiom oblikuje ekosustav\u201d"}]},{"@type":"WebSite","@id":"https:\/\/genkonekt.hr\/#website","url":"https:\/\/genkonekt.hr\/","name":"","description":"","potentialAction":[{"@type":"SearchAction","target":{"@type":"EntryPoint","urlTemplate":"https:\/\/genkonekt.hr\/?s={search_term_string}"},"query-input":{"@type":"PropertyValueSpecification","valueRequired":true,"valueName":"search_term_string"}}],"inLanguage":"en-US"},{"@type":"Person","@id":"https:\/\/genkonekt.hr\/#\/schema\/person\/baee83eea51cfdd55c5c77b0e11ecf0c","name":"admin","image":{"@type":"ImageObject","inLanguage":"en-US","@id":"https:\/\/genkonekt.hr\/#\/schema\/person\/image\/","url":"https:\/\/secure.gravatar.com\/avatar\/ddd66a7253ca3a4cf9ddccbdeaea0775?s=96&d=mm&r=g","contentUrl":"https:\/\/secure.gravatar.com\/avatar\/ddd66a7253ca3a4cf9ddccbdeaea0775?s=96&d=mm&r=g","caption":"admin"},"sameAs":["https:\/\/genkonekt.hr"],"url":"https:\/\/genkonekt.hr\/?author=1"}]}},"_links":{"self":[{"href":"https:\/\/genkonekt.hr\/index.php?rest_route=\/wp\/v2\/posts\/651"}],"collection":[{"href":"https:\/\/genkonekt.hr\/index.php?rest_route=\/wp\/v2\/posts"}],"about":[{"href":"https:\/\/genkonekt.hr\/index.php?rest_route=\/wp\/v2\/types\/post"}],"author":[{"embeddable":true,"href":"https:\/\/genkonekt.hr\/index.php?rest_route=\/wp\/v2\/users\/1"}],"replies":[{"embeddable":true,"href":"https:\/\/genkonekt.hr\/index.php?rest_route=%2Fwp%2Fv2%2Fcomments&post=651"}],"version-history":[{"count":2,"href":"https:\/\/genkonekt.hr\/index.php?rest_route=\/wp\/v2\/posts\/651\/revisions"}],"predecessor-version":[{"id":739,"href":"https:\/\/genkonekt.hr\/index.php?rest_route=\/wp\/v2\/posts\/651\/revisions\/739"}],"wp:attachment":[{"href":"https:\/\/genkonekt.hr\/index.php?rest_route=%2Fwp%2Fv2%2Fmedia&parent=651"}],"wp:term":[{"taxonomy":"category","embeddable":true,"href":"https:\/\/genkonekt.hr\/index.php?rest_route=%2Fwp%2Fv2%2Fcategories&post=651"},{"taxonomy":"post_tag","embeddable":true,"href":"https:\/\/genkonekt.hr\/index.php?rest_route=%2Fwp%2Fv2%2Ftags&post=651"}],"curies":[{"name":"wp","href":"https:\/\/api.w.org\/{rel}","templated":true}]}}