{"id":674,"date":"2026-03-09T11:33:34","date_gmt":"2026-03-09T11:33:34","guid":{"rendered":"https:\/\/genkonekt.hr\/?p=674"},"modified":"2026-03-18T12:41:54","modified_gmt":"2026-03-18T12:41:54","slug":"odrzano-predavanje-genetika-tla-kako-mikrobiom-oblikuje-ekosustav","status":"publish","type":"post","link":"https:\/\/genkonekt.hr\/?p=674","title":{"rendered":"Odr\u017eano predavanje \u201eGenetika tla: kako mikrobiom oblikuje ekosustav\u201d"},"content":{"rendered":"\n<h3 class=\"wp-block-heading\">Odr\u017eano predavanje \u201eGenetika tla: kako mikrobiom oblikuje ekosustav\u201d<\/h3>\n\n\n\n<p>U utorak 3.3.2026. u Knji\u017enici Vladimira Nazora u Zagrebu odr\u017eano je predavanje \u201ePredavanje \u201eGenetika tla: kako mikrobiom oblikuje ekosustav\u201d. Predavanje je odr\u017eala Ana Fioli\u0107.<br><br>Upoznali smo nevidljivi, a vrlo \u017eivi svijet tla, brojne i va\u017ene uloge njegovih stanovnika i govorili o tome kakav utjecaj na mikrobiom tla imaju razne tradicionalne strategije upravljanja tlom. Prikazali smo i koje moderne geneti\u010dke metode analize postoje te kako ta saznanja mo\u017eemo ve\u0107 sad ili u skoroj budu\u0107nosti koristiti u svrhe poput smanjenja emisije stakleni\u010dkih plinova, regeneraciji degradiranog tla, boljoj otpornosti biljaka na klimatske promjene i op\u0107enito optimizaciji upravljanja tlom u svrhu zdravlja tla i njegovih stanovnika te biljaka.<br><br>Veselimo se novim dru\u017eenjima i dijalogu!<\/p>\n\n\n\n<figure class=\"wp-block-image size-large\"><img loading=\"lazy\" decoding=\"async\" width=\"1024\" height=\"576\" src=\"https:\/\/genkonekt.hr\/wp-content\/uploads\/2026\/03\/IMG-20260305-WA0022-1024x576.jpg\" alt=\"\" class=\"wp-image-675\" srcset=\"https:\/\/genkonekt.hr\/wp-content\/uploads\/2026\/03\/IMG-20260305-WA0022-1024x576.jpg 1024w, https:\/\/genkonekt.hr\/wp-content\/uploads\/2026\/03\/IMG-20260305-WA0022-300x169.jpg 300w, https:\/\/genkonekt.hr\/wp-content\/uploads\/2026\/03\/IMG-20260305-WA0022-768x432.jpg 768w, https:\/\/genkonekt.hr\/wp-content\/uploads\/2026\/03\/IMG-20260305-WA0022-1536x864.jpg 1536w, https:\/\/genkonekt.hr\/wp-content\/uploads\/2026\/03\/IMG-20260305-WA0022-1920x1080.jpg 1920w, https:\/\/genkonekt.hr\/wp-content\/uploads\/2026\/03\/IMG-20260305-WA0022.jpg 2048w\" sizes=\"(max-width: 1024px) 100vw, 1024px\" \/><\/figure>\n","protected":false},"excerpt":{"rendered":"<p>Odr\u017eano predavanje \u201eGenetika tla: kako mikrobiom oblikuje ekosustav\u201d U utorak 3.3.2026. u Knji\u017enici Vladimira Nazora u Zagrebu odr\u017eano je predavanje \u201ePredavanje \u201eGenetika tla: kako mikrobiom oblikuje ekosustav\u201d. Predavanje je odr\u017eala Ana Fioli\u0107. Upoznali smo nevidljivi, a vrlo \u017eivi svijet tla, brojne i va\u017ene uloge njegovih stanovnika i govorili o tome kakav utjecaj na mikrobiom tla [&hellip;]<\/p>\n","protected":false},"author":1,"featured_media":0,"comment_status":"closed","ping_status":"open","sticky":false,"template":"","format":"standard","meta":{"saved_in_kubio":false,"footnotes":""},"categories":[1],"tags":[],"class_list":["post-674","post","type-post","status-publish","format-standard","hentry","category-uncategorized"],"yoast_head":"<!-- This site is optimized with the Yoast SEO plugin v23.7 - https:\/\/yoast.com\/wordpress\/plugins\/seo\/ -->\n<title>Odr\u017eano predavanje \u201eGenetika tla: kako mikrobiom oblikuje ekosustav\u201d -<\/title>\n<meta name=\"robots\" content=\"index, follow, max-snippet:-1, max-image-preview:large, max-video-preview:-1\" \/>\n<link rel=\"canonical\" href=\"https:\/\/genkonekt.hr\/?p=674\" \/>\n<meta property=\"og:locale\" content=\"en_US\" \/>\n<meta property=\"og:type\" content=\"article\" \/>\n<meta property=\"og:title\" content=\"Odr\u017eano predavanje \u201eGenetika tla: kako mikrobiom oblikuje ekosustav\u201d -\" \/>\n<meta property=\"og:description\" content=\"Odr\u017eano predavanje \u201eGenetika tla: kako mikrobiom oblikuje ekosustav\u201d U utorak 3.3.2026. u Knji\u017enici Vladimira Nazora u Zagrebu odr\u017eano je predavanje \u201ePredavanje \u201eGenetika tla: kako mikrobiom oblikuje ekosustav\u201d. Predavanje je odr\u017eala Ana Fioli\u0107. Upoznali smo nevidljivi, a vrlo \u017eivi svijet tla, brojne i va\u017ene uloge njegovih stanovnika i govorili o tome kakav utjecaj na mikrobiom tla [&hellip;]\" \/>\n<meta property=\"og:url\" content=\"https:\/\/genkonekt.hr\/?p=674\" \/>\n<meta property=\"article:published_time\" content=\"2026-03-09T11:33:34+00:00\" \/>\n<meta property=\"article:modified_time\" content=\"2026-03-18T12:41:54+00:00\" \/>\n<meta property=\"og:image\" content=\"https:\/\/genkonekt.hr\/wp-content\/uploads\/2026\/03\/IMG-20260305-WA0022.jpg\" \/>\n\t<meta property=\"og:image:width\" content=\"2048\" \/>\n\t<meta property=\"og:image:height\" content=\"1152\" \/>\n\t<meta property=\"og:image:type\" content=\"image\/jpeg\" \/>\n<meta name=\"author\" content=\"admin\" \/>\n<meta name=\"twitter:card\" content=\"summary_large_image\" \/>\n<meta name=\"twitter:label1\" content=\"Written by\" \/>\n\t<meta name=\"twitter:data1\" content=\"admin\" \/>\n\t<meta name=\"twitter:label2\" content=\"Est. reading time\" \/>\n\t<meta name=\"twitter:data2\" content=\"1 minute\" \/>\n<script type=\"application\/ld+json\" class=\"yoast-schema-graph\">{\"@context\":\"https:\/\/schema.org\",\"@graph\":[{\"@type\":\"WebPage\",\"@id\":\"https:\/\/genkonekt.hr\/?p=674\",\"url\":\"https:\/\/genkonekt.hr\/?p=674\",\"name\":\"Odr\u017eano predavanje \u201eGenetika tla: kako mikrobiom oblikuje ekosustav\u201d -\",\"isPartOf\":{\"@id\":\"https:\/\/genkonekt.hr\/#website\"},\"primaryImageOfPage\":{\"@id\":\"https:\/\/genkonekt.hr\/?p=674#primaryimage\"},\"image\":{\"@id\":\"https:\/\/genkonekt.hr\/?p=674#primaryimage\"},\"thumbnailUrl\":\"https:\/\/genkonekt.hr\/wp-content\/uploads\/2026\/03\/IMG-20260305-WA0022-1024x576.jpg\",\"datePublished\":\"2026-03-09T11:33:34+00:00\",\"dateModified\":\"2026-03-18T12:41:54+00:00\",\"author\":{\"@id\":\"https:\/\/genkonekt.hr\/#\/schema\/person\/baee83eea51cfdd55c5c77b0e11ecf0c\"},\"breadcrumb\":{\"@id\":\"https:\/\/genkonekt.hr\/?p=674#breadcrumb\"},\"inLanguage\":\"en-US\",\"potentialAction\":[{\"@type\":\"ReadAction\",\"target\":[\"https:\/\/genkonekt.hr\/?p=674\"]}]},{\"@type\":\"ImageObject\",\"inLanguage\":\"en-US\",\"@id\":\"https:\/\/genkonekt.hr\/?p=674#primaryimage\",\"url\":\"https:\/\/genkonekt.hr\/wp-content\/uploads\/2026\/03\/IMG-20260305-WA0022.jpg\",\"contentUrl\":\"https:\/\/genkonekt.hr\/wp-content\/uploads\/2026\/03\/IMG-20260305-WA0022.jpg\",\"width\":2048,\"height\":1152},{\"@type\":\"BreadcrumbList\",\"@id\":\"https:\/\/genkonekt.hr\/?p=674#breadcrumb\",\"itemListElement\":[{\"@type\":\"ListItem\",\"position\":1,\"name\":\"Home\",\"item\":\"https:\/\/genkonekt.hr\/\"},{\"@type\":\"ListItem\",\"position\":2,\"name\":\"Odr\u017eano predavanje \u201eGenetika tla: kako mikrobiom oblikuje ekosustav\u201d\"}]},{\"@type\":\"WebSite\",\"@id\":\"https:\/\/genkonekt.hr\/#website\",\"url\":\"https:\/\/genkonekt.hr\/\",\"name\":\"\",\"description\":\"\",\"potentialAction\":[{\"@type\":\"SearchAction\",\"target\":{\"@type\":\"EntryPoint\",\"urlTemplate\":\"https:\/\/genkonekt.hr\/?s={search_term_string}\"},\"query-input\":{\"@type\":\"PropertyValueSpecification\",\"valueRequired\":true,\"valueName\":\"search_term_string\"}}],\"inLanguage\":\"en-US\"},{\"@type\":\"Person\",\"@id\":\"https:\/\/genkonekt.hr\/#\/schema\/person\/baee83eea51cfdd55c5c77b0e11ecf0c\",\"name\":\"admin\",\"image\":{\"@type\":\"ImageObject\",\"inLanguage\":\"en-US\",\"@id\":\"https:\/\/genkonekt.hr\/#\/schema\/person\/image\/\",\"url\":\"https:\/\/secure.gravatar.com\/avatar\/ddd66a7253ca3a4cf9ddccbdeaea0775?s=96&d=mm&r=g\",\"contentUrl\":\"https:\/\/secure.gravatar.com\/avatar\/ddd66a7253ca3a4cf9ddccbdeaea0775?s=96&d=mm&r=g\",\"caption\":\"admin\"},\"sameAs\":[\"https:\/\/genkonekt.hr\"],\"url\":\"https:\/\/genkonekt.hr\/?author=1\"}]}<\/script>\n<!-- \/ Yoast SEO plugin. -->","yoast_head_json":{"title":"Odr\u017eano predavanje \u201eGenetika tla: kako mikrobiom oblikuje ekosustav\u201d -","robots":{"index":"index","follow":"follow","max-snippet":"max-snippet:-1","max-image-preview":"max-image-preview:large","max-video-preview":"max-video-preview:-1"},"canonical":"https:\/\/genkonekt.hr\/?p=674","og_locale":"en_US","og_type":"article","og_title":"Odr\u017eano predavanje \u201eGenetika tla: kako mikrobiom oblikuje ekosustav\u201d -","og_description":"Odr\u017eano predavanje \u201eGenetika tla: kako mikrobiom oblikuje ekosustav\u201d U utorak 3.3.2026. u Knji\u017enici Vladimira Nazora u Zagrebu odr\u017eano je predavanje \u201ePredavanje \u201eGenetika tla: kako mikrobiom oblikuje ekosustav\u201d. Predavanje je odr\u017eala Ana Fioli\u0107. Upoznali smo nevidljivi, a vrlo \u017eivi svijet tla, brojne i va\u017ene uloge njegovih stanovnika i govorili o tome kakav utjecaj na mikrobiom tla [&hellip;]","og_url":"https:\/\/genkonekt.hr\/?p=674","article_published_time":"2026-03-09T11:33:34+00:00","article_modified_time":"2026-03-18T12:41:54+00:00","og_image":[{"width":2048,"height":1152,"url":"https:\/\/genkonekt.hr\/wp-content\/uploads\/2026\/03\/IMG-20260305-WA0022.jpg","type":"image\/jpeg"}],"author":"admin","twitter_card":"summary_large_image","twitter_misc":{"Written by":"admin","Est. reading time":"1 minute"},"schema":{"@context":"https:\/\/schema.org","@graph":[{"@type":"WebPage","@id":"https:\/\/genkonekt.hr\/?p=674","url":"https:\/\/genkonekt.hr\/?p=674","name":"Odr\u017eano predavanje \u201eGenetika tla: kako mikrobiom oblikuje ekosustav\u201d -","isPartOf":{"@id":"https:\/\/genkonekt.hr\/#website"},"primaryImageOfPage":{"@id":"https:\/\/genkonekt.hr\/?p=674#primaryimage"},"image":{"@id":"https:\/\/genkonekt.hr\/?p=674#primaryimage"},"thumbnailUrl":"https:\/\/genkonekt.hr\/wp-content\/uploads\/2026\/03\/IMG-20260305-WA0022-1024x576.jpg","datePublished":"2026-03-09T11:33:34+00:00","dateModified":"2026-03-18T12:41:54+00:00","author":{"@id":"https:\/\/genkonekt.hr\/#\/schema\/person\/baee83eea51cfdd55c5c77b0e11ecf0c"},"breadcrumb":{"@id":"https:\/\/genkonekt.hr\/?p=674#breadcrumb"},"inLanguage":"en-US","potentialAction":[{"@type":"ReadAction","target":["https:\/\/genkonekt.hr\/?p=674"]}]},{"@type":"ImageObject","inLanguage":"en-US","@id":"https:\/\/genkonekt.hr\/?p=674#primaryimage","url":"https:\/\/genkonekt.hr\/wp-content\/uploads\/2026\/03\/IMG-20260305-WA0022.jpg","contentUrl":"https:\/\/genkonekt.hr\/wp-content\/uploads\/2026\/03\/IMG-20260305-WA0022.jpg","width":2048,"height":1152},{"@type":"BreadcrumbList","@id":"https:\/\/genkonekt.hr\/?p=674#breadcrumb","itemListElement":[{"@type":"ListItem","position":1,"name":"Home","item":"https:\/\/genkonekt.hr\/"},{"@type":"ListItem","position":2,"name":"Odr\u017eano predavanje \u201eGenetika tla: kako mikrobiom oblikuje ekosustav\u201d"}]},{"@type":"WebSite","@id":"https:\/\/genkonekt.hr\/#website","url":"https:\/\/genkonekt.hr\/","name":"","description":"","potentialAction":[{"@type":"SearchAction","target":{"@type":"EntryPoint","urlTemplate":"https:\/\/genkonekt.hr\/?s={search_term_string}"},"query-input":{"@type":"PropertyValueSpecification","valueRequired":true,"valueName":"search_term_string"}}],"inLanguage":"en-US"},{"@type":"Person","@id":"https:\/\/genkonekt.hr\/#\/schema\/person\/baee83eea51cfdd55c5c77b0e11ecf0c","name":"admin","image":{"@type":"ImageObject","inLanguage":"en-US","@id":"https:\/\/genkonekt.hr\/#\/schema\/person\/image\/","url":"https:\/\/secure.gravatar.com\/avatar\/ddd66a7253ca3a4cf9ddccbdeaea0775?s=96&d=mm&r=g","contentUrl":"https:\/\/secure.gravatar.com\/avatar\/ddd66a7253ca3a4cf9ddccbdeaea0775?s=96&d=mm&r=g","caption":"admin"},"sameAs":["https:\/\/genkonekt.hr"],"url":"https:\/\/genkonekt.hr\/?author=1"}]}},"_links":{"self":[{"href":"https:\/\/genkonekt.hr\/index.php?rest_route=\/wp\/v2\/posts\/674"}],"collection":[{"href":"https:\/\/genkonekt.hr\/index.php?rest_route=\/wp\/v2\/posts"}],"about":[{"href":"https:\/\/genkonekt.hr\/index.php?rest_route=\/wp\/v2\/types\/post"}],"author":[{"embeddable":true,"href":"https:\/\/genkonekt.hr\/index.php?rest_route=\/wp\/v2\/users\/1"}],"replies":[{"embeddable":true,"href":"https:\/\/genkonekt.hr\/index.php?rest_route=%2Fwp%2Fv2%2Fcomments&post=674"}],"version-history":[{"count":3,"href":"https:\/\/genkonekt.hr\/index.php?rest_route=\/wp\/v2\/posts\/674\/revisions"}],"predecessor-version":[{"id":738,"href":"https:\/\/genkonekt.hr\/index.php?rest_route=\/wp\/v2\/posts\/674\/revisions\/738"}],"wp:attachment":[{"href":"https:\/\/genkonekt.hr\/index.php?rest_route=%2Fwp%2Fv2%2Fmedia&parent=674"}],"wp:term":[{"taxonomy":"category","embeddable":true,"href":"https:\/\/genkonekt.hr\/index.php?rest_route=%2Fwp%2Fv2%2Fcategories&post=674"},{"taxonomy":"post_tag","embeddable":true,"href":"https:\/\/genkonekt.hr\/index.php?rest_route=%2Fwp%2Fv2%2Ftags&post=674"}],"curies":[{"name":"wp","href":"https:\/\/api.w.org\/{rel}","templated":true}]}}